{"id":2954,"date":"2015-02-02T14:41:04","date_gmt":"2015-02-02T13:41:04","guid":{"rendered":"http:\/\/www.juliane-wiedemeier.de\/?p=2954"},"modified":"2015-02-03T06:41:44","modified_gmt":"2015-02-03T05:41:44","slug":"franken-das-schreckliche","status":"publish","type":"post","link":"https:\/\/www.juliane-schader.de\/?p=2954","title":{"rendered":"Franken das Schreckliche"},"content":{"rendered":"<p class=\"p1\"><a href=\"http:\/\/www.juliane-wiedemeier.de\/wp-content\/uploads\/2015\/01\/Bamberg.jpg\"><img fetchpriority=\"high\" decoding=\"async\" class=\"aligncenter size-full wp-image-2962\" src=\"http:\/\/www.juliane-wiedemeier.de\/wp-content\/uploads\/2015\/01\/Bamberg.jpg\" alt=\"Bamberg\" width=\"2588\" height=\"1539\" srcset=\"https:\/\/www.juliane-schader.de\/wp-content\/uploads\/2015\/01\/Bamberg.jpg 2588w, https:\/\/www.juliane-schader.de\/wp-content\/uploads\/2015\/01\/Bamberg-300x178.jpg 300w, https:\/\/www.juliane-schader.de\/wp-content\/uploads\/2015\/01\/Bamberg-1024x609.jpg 1024w\" sizes=\"(max-width: 2588px) 100vw, 2588px\" \/><\/a><em>Bamberg, v\u00f6llig blaulichtfrei.<\/em><\/p>\n<p>Ich habe keine Ahnung von Franken. Gerade musste ich googlen, um festzustellen, dass ich schon einmal da war, weil <a href=\"http:\/\/www.juliane-wiedemeier.de\/?p=2495\">Bamberg<\/a> und <a href=\"https:\/\/twitter.com\/WorkingMonkey\/status\/358913976811270144\">N\u00fcrnberg<\/a> offenbar dazu geh\u00f6ren.\u00a0Dennoch wei\u00df ich seit ein paar Wochen, wie es dort zugeht. N\u00e4mlich ziemlich gef\u00e4hrlich.<\/p>\n<blockquote>\n<p class=\"p1\">&#8222;Nachdem eine junge Frau eine Taxifahrt nicht bezahlen konnte, hat sie auch noch einer N\u00fcrnberger Polizistin in die Hand gebissen und mehrere Beamte bespuckt und beleidigt.&#8220;<\/p>\n<p class=\"p1\">&#8222;Am Bahnhof in Feucht ist am Samstagabend ein Fahrgast von den T\u00fcren einer S-Bahn eingeklemmt worden und unter den fahrenden Zug gekommen.&#8220;<\/p>\n<p class=\"p1\">&#8222;Ein Pfarrer aus der Oberpfalz hetzt gegen Frauen, Homosexuelle und die Presse. Au\u00dferdem fragte er ein\u00a0 an Leuk\u00e4mie erkranktes Kind im Rollstuhl, ob es zu faul zum Laufen sei.&#8220;<\/p>\n<p class=\"p1\">&#8222;Ein mit elf Sch\u00fclern besetzter Bus ist gestern Abend aufgrund von Schneegl\u00e4tte von der Stra\u00dfe gerutscht, umgekippt und im Graben gelandet.&#8220;<\/p>\n<p class=\"p1\">&#8222;Die Polizei W\u00fcrzburg warnt vor einer neuen Facebook-Betrugsmasche.&#8220;<\/p>\n<p class=\"p1\">&#8222;Frei.Wild wurden als Headliner f\u00fcr das Out &amp; Loud Festival in Geiselwind best\u00e4tigt.&#8220;<\/p>\n<\/blockquote>\n<p class=\"p1\">Solche Meldungen bekomme ich seit einiger Zeit im Stundentakt aufs Handy. Was, nicht dass wir uns falsch verstehen, mein Wunsch war. Ich habe <a href=\"http:\/\/www.infranken.de\/regional\/bamberg\/inFranken-de-bei-WhatsApp-News-direkt-aufs-Handy;art212,865731\">den WhatsApp-Dienst der \u00f6rtlichen Lokalzeitungen<\/a> abonniert, die alle zur Mediengruppe Oberfranken geh\u00f6ren und sich den gemeinsamen Online Auftritt <a href=\"http:\/\/www.infranken.de\/\">infranken.de<\/a> teilen &#8211; einfach, weil es geht und ich wissen wollte, wie diese zaghafte Ann\u00e4herung von Lokalem, Netz und jungen Menschen funktioniert. Doch das Ergebnis hinterl\u00e4sst mich in etwa dem gleichen Zustand wie einst <a href=\"http:\/\/www.clipfish.de\/special\/bauer-sucht-frau\/video\/2778955\/heinrich-ist-schockiert\/\">Bauer Heinrich<\/a>, als er erfuhr, dass sein Hofwochenbesuch die Krusten vom Brot schneidet und diese nicht mal der\u00a0Katze weiterreicht (bei Bauer Heinrich kommen Essensreste\u00a0n\u00e4mlich inne Tiere. Boah!). Seltsamer Exkurs Ende.<\/p>\n<p class=\"p1\">Das infranken.de-Team h\u00e4lt mich also den Tag \u00fcber mit Polizeimeldungen auf dem Laufenden. Manchmal sind auch Nachrichten von der Handball-WM oder \u00fcber schreckliche Liebesschl\u00f6sser an Br\u00fccken dabei, und ja, auch vom Tod von Udo J\u00fcrgens habe ich per infrankenApp erfahren. Aber meist geht es um brennende Autos, verschwundene Menschen und betrunkene Jugendliche (in brennenden Autos).<\/p>\n<p class=\"p1\">Man wolle, <a href=\"http:\/\/kress.de\/tagesdienst\/detail\/beitrag\/128917-nah-an-der-lebensrealitaet-der-jungen-nutzer-infrankende-nutzt-whatsapp-als-newskanal.html\">so hie\u00df es zum Start<\/a>, vor allem junge Menschen \u00fcber WhatsApp erreichen.\u00a0Junge Menschen mit einem Faible f\u00fcr Katastrophen und dem politischen und gesellschaftlichen Interesse einer Am\u00f6be, offenbar.<\/p>\n<p class=\"p1\">Zwar gibt es wohl einen Grund\u00a0f\u00fcr die etwas seltsame Auswahl, die einem da aufs Handy gespielt wird: Jede Meldung endet mit einem Link zur Internetseite, und infranken.de hat eine Paywall f\u00fcr relevantere Geschichten. Polizeimeldungen hingegen bekommt man frei Haus geliefert, daher landen sie f\u00fcr alle sichtbar im Netz.\u00a0Und wer will schon Menschen, die es aus WhatsApp in den Browser geschafft haben, vor einer Bezahlschranke verrecken lassen?<\/p>\n<p class=\"p1\">Aber trotzdem: Ich bin entt\u00e4uscht und entsetzt. Denn.<\/p>\n<p class=\"p1\">Die Idee ist gut. (Also abgesehen davon, dass man sich daran gew\u00f6hnen muss, dass der WhatsApp-Signalton nicht immer Neuigkeiten von Menschen, die man mag, ank\u00fcndigt. Aber Andere, die nicht ich sind, lassen sich ja auch <a href=\"https:\/\/twitter.com\/ntv_EIL\/status\/550948780959621122\">Breaking-News von ntv<\/a> aufs Handy pushen; damit kommt man mit der Zeit wohl klar.) Aber die\u00a0Erfahrung, als Neuigkeit immer nur blaubelichtete Schauergeschichten vorzufinden, ist es nicht.<\/p>\n<p class=\"p1\">Junge Menschen lesen keine Lokalzeitung mehr. Das sagt so ziemlich jede Studie, die sich\u00a0innerhalb von drei Sekunden <a href=\"http:\/\/lmgtfy.com\/?q=lokalzeitungen+junge+leser\">zusammengoogeln l\u00e4sst<\/a>.\u00a0Das hat auch viel mit dem <a href=\"http:\/\/www.juliane-wiedemeier.de\/?p=2845\">Schweinepreisschie\u00dfenged\u00e4chtnisquatsch<\/a> zu tun, der dort immer noch tagt\u00e4glich dokumentiert wird. Aber auch damit, dass Print stirbt, das Mediennutzungsverhalten sich \u00e4ndert und wir mittlerweile erwarten, dass relevante Nachrichten uns finden und nicht wir sie.<\/p>\n<p class=\"p1\">Ich vertrete eine gewagte Theorie: Auch im Lokalen sind Journalismus und das Herstellen einer \u00d6ffentlichkeit relevant. F\u00fcr Letzteres ben\u00f6tigt man aber Leser, und\u00a0genau da gibt es, siehe oben, derzeit ein Nachwuchsproblem.<\/p>\n<p class=\"p1\">Wenn ich sicher w\u00fcsste, wie sich das in Zukunft\u00a0l\u00f6sen lie\u00dfe, s\u00e4\u00dfe ich den ganzen Tag an meinem vergoldeten Laptop und schriebe dieses Blog voll, weil ich nicht mehr anderweitig Geld verdienen m\u00fcsste. Aber die Idee, dass dieses sich nur \u00e4ndern l\u00e4sst, wenn auch Lokalzeitungen mal den gro\u00dfen Zeh Richtung Internetged\u00f6ns strecken, erscheint mir doch in den Tendenz richtig.<\/p>\n<p class=\"p1\">Wenn eine Lokalzeitung sich also an\u00a0dieses omin\u00f6se <a href=\"http:\/\/de.wikipedia.org\/wiki\/Dark_Social\">&#8222;Dark Social&#8220;<\/a> heranwagt, um\u00a0junge Menschen da zu bedienen, wo sie eh schon sind, ist das eine super Sache. Ihnen dann aber nur Mord, Totschlag und schwulenfeindliche Pfarrer zu pr\u00e4sentieren, halte ich f\u00fcr\u00a0eine sowas von vertane Chance, dass man es ruhig mal fahrl\u00e4ssig nennen kann.<\/p>\n<p class=\"p1\">Liebe infranken-Macher: Breaking News! Diese Leute mit Smartphone und\u00a0Internetzugang haben ein Gehirn &#8211; sogar, wenn sie jung sind!<\/p>\n<p class=\"p1\">Ich wei\u00df: Manchmal sagen die Klickzahlen genau das Gegenteil. Ich habe selbst beim Onlineauftritt einer deutschen Regionalzeitung am Rechner gesessen und entsetzt zur Kenntnis genommen, dass nichts so gerne geklickt wird wie neue Unf\u00e4lle auf der A2. Den\u00a0verantwortlichen\u00a0Redakteur hat das damals dazu bem\u00fc\u00dfigt, jeden anfallenden Unfall umfassendst online dokumentieren zu lassen (von der Boulevardpresse lernen hei\u00dft siegen lernen, oder so). Was mich wiederum schnellstm\u00f6glich gehen lie\u00df.<\/p>\n<p class=\"p1\">Denn wer das f\u00fcr den Lokaljournalismus der Zukunft h\u00e4lt, sollte seinen\u00a0Laden lieber dicht machen, als ihn noch weiter zu digitalisieren.<\/p>\n<p><img decoding=\"async\" src=\"http:\/\/vg08.met.vgwort.de\/na\/f5ebb270457f49e09862e5d71cfcba41\" alt=\"\" width=\"1\" height=\"1\" \/><\/p>\n","protected":false},"excerpt":{"rendered":"<p>Bamberg, v\u00f6llig blaulichtfrei. Ich habe keine Ahnung von Franken. Gerade musste ich googlen, um festzustellen, dass ich schon einmal da war, weil Bamberg und N\u00fcrnberg offenbar dazu geh\u00f6ren.\u00a0Dennoch wei\u00df ich seit ein paar Wochen, wie es dort zugeht. N\u00e4mlich ziemlich gef\u00e4hrlich. &#8222;Nachdem eine junge Frau eine Taxifahrt nicht bezahlen konnte, hat sie auch noch einer [&hellip;]<\/p>\n","protected":false},"author":1,"featured_media":0,"comment_status":"open","ping_status":"open","sticky":false,"template":"","format":"standard","meta":{"footnotes":""},"categories":[1],"tags":[],"class_list":["post-2954","post","type-post","status-publish","format-standard","hentry","category-allgemein"],"_links":{"self":[{"href":"https:\/\/www.juliane-schader.de\/index.php?rest_route=\/wp\/v2\/posts\/2954","targetHints":{"allow":["GET"]}}],"collection":[{"href":"https:\/\/www.juliane-schader.de\/index.php?rest_route=\/wp\/v2\/posts"}],"about":[{"href":"https:\/\/www.juliane-schader.de\/index.php?rest_route=\/wp\/v2\/types\/post"}],"author":[{"embeddable":true,"href":"https:\/\/www.juliane-schader.de\/index.php?rest_route=\/wp\/v2\/users\/1"}],"replies":[{"embeddable":true,"href":"https:\/\/www.juliane-schader.de\/index.php?rest_route=%2Fwp%2Fv2%2Fcomments&post=2954"}],"version-history":[{"count":26,"href":"https:\/\/www.juliane-schader.de\/index.php?rest_route=\/wp\/v2\/posts\/2954\/revisions"}],"predecessor-version":[{"id":2993,"href":"https:\/\/www.juliane-schader.de\/index.php?rest_route=\/wp\/v2\/posts\/2954\/revisions\/2993"}],"wp:attachment":[{"href":"https:\/\/www.juliane-schader.de\/index.php?rest_route=%2Fwp%2Fv2%2Fmedia&parent=2954"}],"wp:term":[{"taxonomy":"category","embeddable":true,"href":"https:\/\/www.juliane-schader.de\/index.php?rest_route=%2Fwp%2Fv2%2Fcategories&post=2954"},{"taxonomy":"post_tag","embeddable":true,"href":"https:\/\/www.juliane-schader.de\/index.php?rest_route=%2Fwp%2Fv2%2Ftags&post=2954"}],"curies":[{"name":"wp","href":"https:\/\/api.w.org\/{rel}","templated":true}]}}