{"id":2652,"date":"2013-12-03T17:27:05","date_gmt":"2013-12-03T16:27:05","guid":{"rendered":"http:\/\/www.juliane-wiedemeier.de\/?p=2652"},"modified":"2014-01-02T13:27:43","modified_gmt":"2014-01-02T12:27:43","slug":"wer-hat-denn-nun-immer-recht","status":"publish","type":"post","link":"https:\/\/www.juliane-schader.de\/?p=2652","title":{"rendered":"Wer hat denn nun immer recht?"},"content":{"rendered":"<p style=\"text-align: center;\"><a href=\"http:\/\/www.juliane-wiedemeier.de\/wp-content\/uploads\/2013\/12\/WP_20131203_002.jpg\"><img fetchpriority=\"high\" decoding=\"async\" class=\"wp-image-2654 aligncenter\" alt=\"WP_20131203_002\" src=\"http:\/\/www.juliane-wiedemeier.de\/wp-content\/uploads\/2013\/12\/WP_20131203_002.jpg\" width=\"440\" height=\"144\" srcset=\"https:\/\/www.juliane-schader.de\/wp-content\/uploads\/2013\/12\/WP_20131203_002.jpg 550w, https:\/\/www.juliane-schader.de\/wp-content\/uploads\/2013\/12\/WP_20131203_002-300x98.jpg 300w\" sizes=\"(max-width: 440px) 100vw, 440px\" \/><\/a><\/p>\n<p>Heute Vormittag habe ich mir mal das neue Museum in der Kulturbrauerei angesehen &#8211; selbstverst\u00e4ndlich beruflich, wer kann schon vormittags einfach ins Museum gehen? (Gut, ich war da, ich kann die Frage beantworten: Rentner, Schulklassen, pensionierte Oberstudienr\u00e4te, hatte ich schon Rentner gesagt? und urbane Penner wie ich.)<\/p>\n<p><a href=\"http:\/\/www.hdg.de\/berlin\/museum-in-der-kulturbrauerei\/\" target=\"_blank\">&#8222;Alltag in der DDR&#8220;<\/a> hei\u00dft das gute St\u00fcck, stammt von der Stiftung Haus der Geschichte aus Bonn, muss Unmengen an Geld verschlungen haben und bezieht seine Existenzberechtigung daraus, dass es im Gegensatz zum privaten DDR-Museum ohne Klischees, daf\u00fcr wissenschaftlich sein m\u00f6chte.<\/p>\n<p style=\"text-align: left;\">Gezeigt werden folglich: Ein Trabi mit Zelt auf dem Dach, Unmengen an Tempo-Bohnen, Schnatterinchen, ein gro\u00dfes Honecker-Foto und im Hintergrund l\u00e4uft wahlweise <a href=\"http:\/\/de.wikipedia.org\/wiki\/Lied_der_Partei\" target=\"_blank\">&#8222;Das Lied der Partei&#8220;<\/a>\u00a0oder irgendwas von Udo Lindenberg. W\u00e4re Kati Witt im FDJ-Hemd aus der Original-Schrankwand gesprungen, Olli Gei\u00dfen h\u00e4tte sofort mit der Moderation einer weiteren DDR-Nostalie-Show vor Ort beginnen k\u00f6nnen. Oder k\u00f6nnte es noch. Die Ausstellung soll ja von Dauer sein.<\/p>\n<p style=\"text-align: center;\"><a href=\"http:\/\/www.juliane-wiedemeier.de\/wp-content\/uploads\/2013\/12\/WP_20131203_005.jpg\"><img decoding=\"async\" class=\"aligncenter  wp-image-2655\" alt=\"WP_20131203_005\" src=\"http:\/\/www.juliane-wiedemeier.de\/wp-content\/uploads\/2013\/12\/WP_20131203_005.jpg\" width=\"440\" height=\"144\" srcset=\"https:\/\/www.juliane-schader.de\/wp-content\/uploads\/2013\/12\/WP_20131203_005.jpg 550w, https:\/\/www.juliane-schader.de\/wp-content\/uploads\/2013\/12\/WP_20131203_005-300x98.jpg 300w\" sizes=\"(max-width: 440px) 100vw, 440px\" \/><\/a><\/p>\n<p style=\"text-align: left;\">Nun sind wir Berliner ja an die Verschwendung von Steuern (f\u00fchlen die sich eigentlich einsam, wenn man sie ohne ihr Anh\u00e4ngsel &#8222;-gelder&#8220; verwendet?) gew\u00f6hnt, und eine Investition mehr in eine Privatfernsehkulisse soll da nicht st\u00f6ren. Aber wir m\u00fcssen noch \u00fcber die wissenschaftlich fundierten Texte sprechen, und da wird es dann doch etwas \u00e4rgerlich.<\/p>\n<p style=\"text-align: left;\">Ich zitiere aus der Erinnerung: Die H\u00e4user waren grau. Die Fassaden waren grau. Die Stra\u00dfen waren grau. Die Autos waren grau. F\u00fcrs Essen musste man immer Schlange stehen. Immer. Es gab kaum Essen. Es gab keine Kleidung. Es herrschte Mangel an allem. Die H\u00e4user waren grau. Die Wohnungen hatten kein flie\u00dfendes Wasser. Die Mode war grau. Es herrschte Mangel. Sagte ich schon, dass die H\u00e4user grau waren?<\/p>\n<p style=\"text-align: left;\">Und, das beste: Der Sozialismus drang tief ins Privatleben ein und das f\u00fchrte dazu, dass 1959 sogar das Kleingartenidyll organisert werden musste und der Verband der Kleing\u00e4rtner gegr\u00fcndet wurde. Ich meine: Hallo?! Kleing\u00e4rtner? Organisiert in einem Verband? Das h\u00e4tte es im Westen&#8230; oh, Moment: Wir sprechen von Kleing\u00e4rtnern? Den Typen, die sich selbst gegenseitig vorschreiben, wie viel Rasenfl\u00e4che so ein Garten zu haben hat und nach welcher Himmelsrichtung die Gartenzwerge ausgerichtet werden?<\/p>\n<p style=\"text-align: left;\">Sie merken, worauf ich hinauswill: <del>Es war ja nicht alles schlecht\u00a0<\/del> Ich werde den Eindruck nicht los, dass diese Ausstellung, die mitten in Prenzlauer Berg liegt, ausschlie\u00dflich von Bonn aus konzipiert wurde.<\/p>\n<p style=\"text-align: left;\">Eine Einsch\u00e4tzung, mit der ich \u00fcbrigens nicht alleine bin. Im G\u00e4stebuch haben viele vermerkt, dass sie als Ostdeutsche, ohne die Diktatur verharmlosen zu wollen, sich auch vor der Wende herausgenommen h\u00e4tten, das ein oder andere Mal gl\u00fccklich zu sein, und sie sich in dieser Ausstellung folglich so gar nicht wiederf\u00e4nden. Was jemanden dazu ermutigte, das Buch zu redigieren &#8211; ich nehme mir mal die Freiheit, das hier zu dokumentieren:<\/p>\n<p style=\"text-align: center;\"><a href=\"http:\/\/www.juliane-wiedemeier.de\/wp-content\/uploads\/2013\/12\/WP_20131203_021.jpg\"><img decoding=\"async\" class=\"aligncenter  wp-image-2659\" alt=\"WP_20131203_021\" src=\"http:\/\/www.juliane-wiedemeier.de\/wp-content\/uploads\/2013\/12\/WP_20131203_021.jpg\" width=\"472\" height=\"467\" srcset=\"https:\/\/www.juliane-schader.de\/wp-content\/uploads\/2013\/12\/WP_20131203_021.jpg 1405w, https:\/\/www.juliane-schader.de\/wp-content\/uploads\/2013\/12\/WP_20131203_021-300x296.jpg 300w, https:\/\/www.juliane-schader.de\/wp-content\/uploads\/2013\/12\/WP_20131203_021-1024x1013.jpg 1024w\" sizes=\"(max-width: 472px) 100vw, 472px\" \/><\/a> <a href=\"http:\/\/www.juliane-wiedemeier.de\/wp-content\/uploads\/2013\/12\/WP_20131203_023.jpg\"><img loading=\"lazy\" decoding=\"async\" class=\"aligncenter  wp-image-2660\" alt=\"WP_20131203_023\" src=\"http:\/\/www.juliane-wiedemeier.de\/wp-content\/uploads\/2013\/12\/WP_20131203_023.jpg\" width=\"482\" height=\"323\" srcset=\"https:\/\/www.juliane-schader.de\/wp-content\/uploads\/2013\/12\/WP_20131203_023.jpg 1710w, https:\/\/www.juliane-schader.de\/wp-content\/uploads\/2013\/12\/WP_20131203_023-300x201.jpg 300w, https:\/\/www.juliane-schader.de\/wp-content\/uploads\/2013\/12\/WP_20131203_023-1024x686.jpg 1024w\" sizes=\"(max-width: 482px) 100vw, 482px\" \/><\/a><\/p>\n<p style=\"text-align: left;\">Es kann nicht sein, was nicht sein darf. Und wer schreibt, dass seine Kinder Hobbys hatten und er auch in der DDR mal zufrieden war, muss bei der Stasi gewesen sein.<\/p>\n<p style=\"text-align: left;\">Sagte ich schon, dass die Ausstellung zeigen m\u00f6chte, dass auch in der DDR,\u00a0<a href=\"http:\/\/prenzlauerberg-nachrichten.de\/kultur\/_\/einfach-spannend-171379.html\">ich zitiere<\/a>, &#8222;nicht alles schwarz und wei\u00df war&#8220;?<\/p>\n<p style=\"text-align: left;\">Da ist dann wohl noch Optimierungsbedarf. Long way to go, Ostwestdeutschland.<\/p>\n","protected":false},"excerpt":{"rendered":"<p>Heute Vormittag habe ich mir mal das neue Museum in der Kulturbrauerei angesehen &#8211; selbstverst\u00e4ndlich beruflich, wer kann schon vormittags einfach ins Museum gehen? (Gut, ich war da, ich kann die Frage beantworten: Rentner, Schulklassen, pensionierte Oberstudienr\u00e4te, hatte ich schon Rentner gesagt? und urbane Penner wie ich.) &#8222;Alltag in der DDR&#8220; hei\u00dft das gute St\u00fcck, [&hellip;]<\/p>\n","protected":false},"author":1,"featured_media":0,"comment_status":"open","ping_status":"open","sticky":false,"template":"","format":"standard","meta":{"footnotes":""},"categories":[3],"tags":[],"class_list":["post-2652","post","type-post","status-publish","format-standard","hentry","category-berlin"],"_links":{"self":[{"href":"https:\/\/www.juliane-schader.de\/index.php?rest_route=\/wp\/v2\/posts\/2652","targetHints":{"allow":["GET"]}}],"collection":[{"href":"https:\/\/www.juliane-schader.de\/index.php?rest_route=\/wp\/v2\/posts"}],"about":[{"href":"https:\/\/www.juliane-schader.de\/index.php?rest_route=\/wp\/v2\/types\/post"}],"author":[{"embeddable":true,"href":"https:\/\/www.juliane-schader.de\/index.php?rest_route=\/wp\/v2\/users\/1"}],"replies":[{"embeddable":true,"href":"https:\/\/www.juliane-schader.de\/index.php?rest_route=%2Fwp%2Fv2%2Fcomments&post=2652"}],"version-history":[{"count":19,"href":"https:\/\/www.juliane-schader.de\/index.php?rest_route=\/wp\/v2\/posts\/2652\/revisions"}],"predecessor-version":[{"id":2715,"href":"https:\/\/www.juliane-schader.de\/index.php?rest_route=\/wp\/v2\/posts\/2652\/revisions\/2715"}],"wp:attachment":[{"href":"https:\/\/www.juliane-schader.de\/index.php?rest_route=%2Fwp%2Fv2%2Fmedia&parent=2652"}],"wp:term":[{"taxonomy":"category","embeddable":true,"href":"https:\/\/www.juliane-schader.de\/index.php?rest_route=%2Fwp%2Fv2%2Fcategories&post=2652"},{"taxonomy":"post_tag","embeddable":true,"href":"https:\/\/www.juliane-schader.de\/index.php?rest_route=%2Fwp%2Fv2%2Ftags&post=2652"}],"curies":[{"name":"wp","href":"https:\/\/api.w.org\/{rel}","templated":true}]}}