{"id":2607,"date":"2013-09-25T12:49:31","date_gmt":"2013-09-25T10:49:31","guid":{"rendered":"http:\/\/www.juliane-wiedemeier.de\/?p=2607"},"modified":"2013-09-25T12:51:34","modified_gmt":"2013-09-25T10:51:34","slug":"bilder-einer-wahl","status":"publish","type":"post","link":"https:\/\/www.juliane-schader.de\/?p=2607","title":{"rendered":"Bilder einer Wahl"},"content":{"rendered":"<p>Am zugegebener Ma\u00dfen schon vorgestrigen Montag hatte die ARD einen <a href=\"http:\/\/www.ardmediathek.de\/das-erste\/brennpunkt\/brennpunkt-deutschland-hat-gewaehlt?documentId=17256458\" target=\"_blank\">Brennpunkt<\/a> im Programm. Wieso denn blo\u00df? Ein Erkl\u00e4rungsversuch in f\u00fcnf Bildern.<\/p>\n<p style=\"text-align: center;\"><a href=\"http:\/\/www.juliane-wiedemeier.de\/wp-content\/uploads\/2013\/09\/CDU.png\"><img fetchpriority=\"high\" decoding=\"async\" class=\"aligncenter  wp-image-2608\" alt=\"CDU\" src=\"http:\/\/www.juliane-wiedemeier.de\/wp-content\/uploads\/2013\/09\/CDU.png\" width=\"461\" height=\"260\" srcset=\"https:\/\/www.juliane-schader.de\/wp-content\/uploads\/2013\/09\/CDU.png 512w, https:\/\/www.juliane-schader.de\/wp-content\/uploads\/2013\/09\/CDU-300x169.png 300w\" sizes=\"(max-width: 461px) 100vw, 461px\" \/><\/a><\/p>\n<p>Schwarz-Gr\u00fcn verleiht Fl\u00fcgel. Schwarz-Rot auch. Beides macht Angela Merkel definitiv zur Besitzerin eines wundersch\u00f6nen wei\u00dfen Federschmucks. Einziges Problem: Sie sieht damit zum einen ein bisschen aus wie <a href=\"http:\/\/www.mymovies.it\/filmclub\/2006\/12\/132\/locandina.jpg\" target=\"_blank\">Michael<\/a>, zum anderen lassen die neuen Fl\u00fcgel keinen Platz f\u00fcr einen Koalitionspartner neben ihr. Falls wir sie demn\u00e4chst also <a href=\"http:\/\/3.bp.blogspot.com\/_-D23XU2U4nI\/TTbnAOWSPrI\/AAAAAAAAADk\/pXE_o8iEJFk\/s320\/DerHimmelUeberBerlin.jpg\" target=\"_blank\">ganz alleine mit gesenktem Kopf<\/a> auf der Siegess\u00e4ule stehen sehen, wissen wir, warum.<\/p>\n<p style=\"text-align: center;\">***<\/p>\n<p style=\"text-align: center;\"><a href=\"http:\/\/www.juliane-wiedemeier.de\/wp-content\/uploads\/2013\/09\/CPD.png\"><img decoding=\"async\" class=\"aligncenter  wp-image-2609\" alt=\"CPD\" src=\"http:\/\/www.juliane-wiedemeier.de\/wp-content\/uploads\/2013\/09\/CPD.png\" width=\"457\" height=\"261\" srcset=\"https:\/\/www.juliane-schader.de\/wp-content\/uploads\/2013\/09\/CPD.png 508w, https:\/\/www.juliane-schader.de\/wp-content\/uploads\/2013\/09\/CPD-300x171.png 300w\" sizes=\"(max-width: 457px) 100vw, 457px\" \/><\/a><\/p>\n<p>Sigmar Gabriel m\u00f6chte jetzt gerne IOC-Pr\u00e4sident werden. Oder: Sigmar Gabriel w\u00e4re jetzt lieber Fisch. Oder: Sigmar Gabriel tr\u00e4umt von einem Schaumbad. Oder: Der Grafiker hat vergessen, die Denkblasen zu beschriften. Dort h\u00e4tte stehen sollen: &#8222;Was zur H\u00f6lle?&#8220;<\/p>\n<p style=\"text-align: center;\">\u00a0***<\/p>\n<p style=\"text-align: center;\"><a href=\"http:\/\/www.juliane-wiedemeier.de\/wp-content\/uploads\/2013\/09\/FDP.png\"><img decoding=\"async\" class=\"aligncenter  wp-image-2610\" alt=\"FDP\" src=\"http:\/\/www.juliane-wiedemeier.de\/wp-content\/uploads\/2013\/09\/FDP.png\" width=\"457\" height=\"257\" srcset=\"https:\/\/www.juliane-schader.de\/wp-content\/uploads\/2013\/09\/FDP.png 508w, https:\/\/www.juliane-schader.de\/wp-content\/uploads\/2013\/09\/FDP-300x168.png 300w\" sizes=\"(max-width: 457px) 100vw, 457px\" \/><\/a><\/p>\n<p>Die FDP erlag gestern einem pl\u00f6tzlichen Herzversagen.<\/p>\n<p>Ja, ich war erst auch \u00fcberrascht. Aber nat\u00fcrlich hat die FDP ein Herz! F\u00fcr Hoteliers.<\/p>\n<p style=\"text-align: center;\">\u00a0***<\/p>\n<p style=\"text-align: center;\"><a href=\"http:\/\/www.juliane-wiedemeier.de\/wp-content\/uploads\/2013\/09\/Gr\u00fcne.png\"><img loading=\"lazy\" decoding=\"async\" class=\" wp-image-2611 aligncenter\" alt=\"Gr\u00fcne\" src=\"http:\/\/www.juliane-wiedemeier.de\/wp-content\/uploads\/2013\/09\/Gr\u00fcne.png\" width=\"454\" height=\"260\" srcset=\"https:\/\/www.juliane-schader.de\/wp-content\/uploads\/2013\/09\/Gr\u00fcne.png 504w, https:\/\/www.juliane-schader.de\/wp-content\/uploads\/2013\/09\/Gr\u00fcne-300x172.png 300w\" sizes=\"(max-width: 454px) 100vw, 454px\" \/><\/a><\/p>\n<p>Nach dem schlechten Wahlergebnis am Sonntag versteckten sich die Spitzenkandidaten der Gr\u00fcnen in einer Kurzschlussreaktion in den Kulissen des &#8222;Zauberers von Oz&#8220;, der gerade in einer benachbarten Kita aufgef\u00fchrt wurde.<\/p>\n<p>Einem Urich Deppendorf und seiner Fotografenentourage entgingen sie damit nat\u00fcrlich nicht.<\/p>\n<p style=\"text-align: center;\">\u00a0***<\/p>\n<p style=\"text-align: center;\"><a href=\"http:\/\/www.juliane-wiedemeier.de\/wp-content\/uploads\/2013\/09\/Hessen.png\"><img loading=\"lazy\" decoding=\"async\" class=\"aligncenter  wp-image-2612\" alt=\"Hessen\" src=\"http:\/\/www.juliane-wiedemeier.de\/wp-content\/uploads\/2013\/09\/Hessen.png\" width=\"459\" height=\"260\" srcset=\"https:\/\/www.juliane-schader.de\/wp-content\/uploads\/2013\/09\/Hessen.png 510w, https:\/\/www.juliane-schader.de\/wp-content\/uploads\/2013\/09\/Hessen-300x170.png 300w\" sizes=\"(max-width: 459px) 100vw, 459px\" \/><\/a><\/p>\n<p>Der hessische L\u00f6we kann schreiben! Und zwar in etwa so gut, wie der Hund bei Loriot sprechen kann.<\/p>\n<p style=\"text-align: center;\">***<\/p>\n<p style=\"text-align: left;\">Ich hoffe, ich konnte damit einige Fragen kl\u00e4ren. Warum Freund Uli D. es f\u00fcr eine gute Idee hielt, sich die Fingerspitzen zusammen zu kleben, erfahren Sie dann nach der n\u00e4chsten Maus.<\/p>\n<p style=\"text-align: right;\"><span style=\"color: #888888;\">Screenshots:\u00a0www.ardmediathek.de<\/span><\/p>\n<p><img loading=\"lazy\" decoding=\"async\" alt=\"\" src=\"http:\/\/vg09.met.vgwort.de\/na\/4fb0c5489de7424b973b26b4db4ed0b8\" width=\"1\" height=\"1\" \/><\/p>\n","protected":false},"excerpt":{"rendered":"<p>Am zugegebener Ma\u00dfen schon vorgestrigen Montag hatte die ARD einen Brennpunkt im Programm. Wieso denn blo\u00df? Ein Erkl\u00e4rungsversuch in f\u00fcnf Bildern. Schwarz-Gr\u00fcn verleiht Fl\u00fcgel. Schwarz-Rot auch. Beides macht Angela Merkel definitiv zur Besitzerin eines wundersch\u00f6nen wei\u00dfen Federschmucks. Einziges Problem: Sie sieht damit zum einen ein bisschen aus wie Michael, zum anderen lassen die neuen Fl\u00fcgel [&hellip;]<\/p>\n","protected":false},"author":1,"featured_media":0,"comment_status":"open","ping_status":"open","sticky":false,"template":"","format":"standard","meta":{"footnotes":""},"categories":[4],"tags":[],"class_list":["post-2607","post","type-post","status-publish","format-standard","hentry","category-mediengedons"],"_links":{"self":[{"href":"https:\/\/www.juliane-schader.de\/index.php?rest_route=\/wp\/v2\/posts\/2607","targetHints":{"allow":["GET"]}}],"collection":[{"href":"https:\/\/www.juliane-schader.de\/index.php?rest_route=\/wp\/v2\/posts"}],"about":[{"href":"https:\/\/www.juliane-schader.de\/index.php?rest_route=\/wp\/v2\/types\/post"}],"author":[{"embeddable":true,"href":"https:\/\/www.juliane-schader.de\/index.php?rest_route=\/wp\/v2\/users\/1"}],"replies":[{"embeddable":true,"href":"https:\/\/www.juliane-schader.de\/index.php?rest_route=%2Fwp%2Fv2%2Fcomments&post=2607"}],"version-history":[{"count":10,"href":"https:\/\/www.juliane-schader.de\/index.php?rest_route=\/wp\/v2\/posts\/2607\/revisions"}],"predecessor-version":[{"id":2622,"href":"https:\/\/www.juliane-schader.de\/index.php?rest_route=\/wp\/v2\/posts\/2607\/revisions\/2622"}],"wp:attachment":[{"href":"https:\/\/www.juliane-schader.de\/index.php?rest_route=%2Fwp%2Fv2%2Fmedia&parent=2607"}],"wp:term":[{"taxonomy":"category","embeddable":true,"href":"https:\/\/www.juliane-schader.de\/index.php?rest_route=%2Fwp%2Fv2%2Fcategories&post=2607"},{"taxonomy":"post_tag","embeddable":true,"href":"https:\/\/www.juliane-schader.de\/index.php?rest_route=%2Fwp%2Fv2%2Ftags&post=2607"}],"curies":[{"name":"wp","href":"https:\/\/api.w.org\/{rel}","templated":true}]}}