{"id":1595,"date":"2011-03-09T10:43:01","date_gmt":"2011-03-09T09:43:01","guid":{"rendered":"http:\/\/www.juliane-wiedemeier.de\/?p=1595"},"modified":"2011-03-10T12:03:00","modified_gmt":"2011-03-10T11:03:00","slug":"barfus-oder-lackschuh","status":"publish","type":"post","link":"https:\/\/www.juliane-schader.de\/?p=1595","title":{"rendered":"Barfu\u00df oder Lackschuh"},"content":{"rendered":"<p>Geduld ist meine Sache nicht, aber in diesem Fall hat es sich wohl gelohnt, zu warten: Seit 100 Jahren gibt es mittlerweile den Frauentag, und in diesem Jahr bekam ich das erste Mal ein Geschenk. In der Form, die mir geb\u00fchrt, n\u00e4mlich einem Screenshot vom Themenbild des gestrigen &#8222;heute-journals&#8220;:<\/p>\n<p><a href=\"http:\/\/www.juliane-wiedemeier.de\/wp-content\/uploads\/2011\/03\/frauenquote.jpg\"><img fetchpriority=\"high\" decoding=\"async\" class=\"aligncenter size-full wp-image-1596\" title=\"frauenquote\" src=\"http:\/\/www.juliane-wiedemeier.de\/wp-content\/uploads\/2011\/03\/frauenquote.jpg\" alt=\"\" width=\"481\" height=\"249\" srcset=\"https:\/\/www.juliane-schader.de\/wp-content\/uploads\/2011\/03\/frauenquote.jpg 919w, https:\/\/www.juliane-schader.de\/wp-content\/uploads\/2011\/03\/frauenquote-300x155.jpg 300w\" sizes=\"(max-width: 481px) 100vw, 481px\" \/><\/a><\/p>\n<p>Ist es nicht wundersch\u00f6n zu sehen, wie gl\u00fccklich alle Beteiligten ein altbackenes Thema wie die Frauenquote bel\u00e4cheln? Wie sich die fr\u00f6hlichen Herren schon ihrer Sakkos entledigt haben, um gleich die \u00c4rmel hochkrempelnd die Sache mit der Gleichstellung anzupacken. W\u00e4hrend die Frauen mit dem L\u00e4cheln, das sie einst als Zahnarztfrau erlernten, beweisen, wie sie auch in der Wirtschaft erfolgreich wurden. N\u00e4mlich, indem sie nicht nur die Sakkos, sondern auch die Frisuren der M\u00e4nner auftragen.<\/p>\n<p>Ach, einfach nur sch\u00f6n ist das. Besonders, wenn man im Vergleich dazu die Bebilderung der &#8222;Tagesthemen&#8220; betrachtet. Wo man erfahren muss, mit wie viel Stoff und was f\u00fcr bombastischen H\u00fcte sich noch alte Frauenrechtlerinnen herumschlagen mussten. W\u00e4hrend die moderne Frau von heute in Kost\u00fcm und Feinstrumpfhose endlich die Bewegungsfreiheit genie\u00dft, die es braucht, um entschlossen die Arme zu verschr\u00e4nken. Und sich zu denken: Nur weil ich neben der Karriere noch die Fenster putzen und auf Spielpl\u00e4tzen rumh\u00e4ngen muss, ist das noch lange kein Grund, keine Pumps zu tragen.<\/p>\n<p><a href=\"http:\/\/www.juliane-wiedemeier.de\/wp-content\/uploads\/2011\/03\/Tagesthemen.png\"><img decoding=\"async\" class=\"aligncenter size-full wp-image-1597\" title=\"Tagesthemen\" src=\"http:\/\/www.juliane-wiedemeier.de\/wp-content\/uploads\/2011\/03\/Tagesthemen.png\" alt=\"\" width=\"471\" height=\"265\" srcset=\"https:\/\/www.juliane-schader.de\/wp-content\/uploads\/2011\/03\/Tagesthemen.png 511w, https:\/\/www.juliane-schader.de\/wp-content\/uploads\/2011\/03\/Tagesthemen-300x169.png 300w\" sizes=\"(max-width: 471px) 100vw, 471px\" \/><\/a><\/p>\n<p>Auch bei &#8222;RTL aktuell&#8220; widmet man sich der Kleiderfrage, empfiehlt aber, sich doch auf zwei Varianten zu einigen und das Kost\u00fcmchen nur an den Tagen zu tragen, an denen man hoffnungsfroh in die Zukunft schreiten m\u00f6chte. W\u00e4hrend man sich Kindern und vermutlich auch Haushalt besser barfu\u00df n\u00e4hert:<\/p>\n<p><a href=\"http:\/\/www.juliane-wiedemeier.de\/wp-content\/uploads\/2011\/03\/RTL.png\"><img decoding=\"async\" class=\"aligncenter size-full wp-image-1599\" title=\"RTL\" src=\"http:\/\/www.juliane-wiedemeier.de\/wp-content\/uploads\/2011\/03\/RTL.png\" alt=\"\" width=\"471\" height=\"261\" srcset=\"https:\/\/www.juliane-schader.de\/wp-content\/uploads\/2011\/03\/RTL.png 719w, https:\/\/www.juliane-schader.de\/wp-content\/uploads\/2011\/03\/RTL-300x166.png 300w\" sizes=\"(max-width: 471px) 100vw, 471px\" \/><\/a><\/p>\n<p>Nur die Tagesschau braucht es mal wieder etwas exklusiver und war daher als einzige Nachrichtensendung mit der Kamera direkt vor Ort bei der Diskussion am Frauentag. Auf dem B\u00fcroflur des Deutsche-Bank-Towers.<\/p>\n<p><a href=\"http:\/\/www.juliane-wiedemeier.de\/wp-content\/uploads\/2011\/03\/Tagesschau.png\"><img loading=\"lazy\" decoding=\"async\" class=\"aligncenter size-full wp-image-1600\" title=\"Tagesschau\" src=\"http:\/\/www.juliane-wiedemeier.de\/wp-content\/uploads\/2011\/03\/Tagesschau.png\" alt=\"\" width=\"468\" height=\"262\" srcset=\"https:\/\/www.juliane-schader.de\/wp-content\/uploads\/2011\/03\/Tagesschau.png 514w, https:\/\/www.juliane-schader.de\/wp-content\/uploads\/2011\/03\/Tagesschau-300x168.png 300w\" sizes=\"(max-width: 468px) 100vw, 468px\" \/><\/a>&#8222;Warum haben Sie eigentlich einen Aktenkoffer, w\u00e4hrend ich meine Ordner unter dem Arm tragen muss?&#8220; &#8211; &#8222;Ach, wissen Sie, damit kompensiere ich nur, dass Sie auch in flachen Schuhen gr\u00f6\u00dfer sind als ich.&#8220;<\/p>\n<p>Immerhin sind sich die verschiedenen Sender und Formate in einem einig. Dass man als Frau nur erfolgreich im Beruf sein kann, wenn man sich als Mann verkleidet. Das ist doch eine vers\u00f6hnliche Erkenntnis zum Hundertsten.<\/p>\n<p style=\"text-align: right;\"><span style=\"color: #808080;\">Mit bestem Dank an Stefan f\u00fcr Geschenk und Inspiration.<\/span><\/p>\n","protected":false},"excerpt":{"rendered":"<p>Geduld ist meine Sache nicht, aber in diesem Fall hat es sich wohl gelohnt, zu warten: Seit 100 Jahren gibt es mittlerweile den Frauentag, und in diesem Jahr bekam ich das erste Mal ein Geschenk. In der Form, die mir geb\u00fchrt, n\u00e4mlich einem Screenshot vom Themenbild des gestrigen &#8222;heute-journals&#8220;: Ist es nicht wundersch\u00f6n zu sehen, [&hellip;]<\/p>\n","protected":false},"author":1,"featured_media":0,"comment_status":"open","ping_status":"open","sticky":false,"template":"","format":"standard","meta":{"footnotes":""},"categories":[4],"tags":[],"class_list":["post-1595","post","type-post","status-publish","format-standard","hentry","category-mediengedons"],"_links":{"self":[{"href":"https:\/\/www.juliane-schader.de\/index.php?rest_route=\/wp\/v2\/posts\/1595","targetHints":{"allow":["GET"]}}],"collection":[{"href":"https:\/\/www.juliane-schader.de\/index.php?rest_route=\/wp\/v2\/posts"}],"about":[{"href":"https:\/\/www.juliane-schader.de\/index.php?rest_route=\/wp\/v2\/types\/post"}],"author":[{"embeddable":true,"href":"https:\/\/www.juliane-schader.de\/index.php?rest_route=\/wp\/v2\/users\/1"}],"replies":[{"embeddable":true,"href":"https:\/\/www.juliane-schader.de\/index.php?rest_route=%2Fwp%2Fv2%2Fcomments&post=1595"}],"version-history":[{"count":12,"href":"https:\/\/www.juliane-schader.de\/index.php?rest_route=\/wp\/v2\/posts\/1595\/revisions"}],"predecessor-version":[{"id":1611,"href":"https:\/\/www.juliane-schader.de\/index.php?rest_route=\/wp\/v2\/posts\/1595\/revisions\/1611"}],"wp:attachment":[{"href":"https:\/\/www.juliane-schader.de\/index.php?rest_route=%2Fwp%2Fv2%2Fmedia&parent=1595"}],"wp:term":[{"taxonomy":"category","embeddable":true,"href":"https:\/\/www.juliane-schader.de\/index.php?rest_route=%2Fwp%2Fv2%2Fcategories&post=1595"},{"taxonomy":"post_tag","embeddable":true,"href":"https:\/\/www.juliane-schader.de\/index.php?rest_route=%2Fwp%2Fv2%2Ftags&post=1595"}],"curies":[{"name":"wp","href":"https:\/\/api.w.org\/{rel}","templated":true}]}}